{"@context":{"dc":"http:\/\/purl.org\/dc\/elements\/1.1\/","skos":"http:\/\/www.w3.org\/2004\/02\/skos\/core#","skos:broader":{"@type":"@id"},"skos:inScheme":{"@type":"@id"},"skos:related":{"@type":"@id"},"skos:narrower":{"@type":"@id"},"skos:hasTopConcept":{"@type":"@id"},"skos:topConceptOf":{"@type":"@id"}},"@id":"https:\/\/confrides.cpd.ua.es\/tematres1\/vocab\/skos\/7460","@type":"skos:Concept","skos:prefLabel":{"@language":"es-ES","@value=":"Extranjeros"},"skos:inScheme":"https:\/\/confrides.cpd.ua.es\/tematres1\/vocab\/","dct:created":"2016-05-30 14:28:35","skos:scopeNote":[{"@lang":"es","@value":"|a\u00dasase para obras sobre las personas que no son ciudadanas del pa\u00eds en que residen "}],"skos:historyNote":[{"@lang":"es","@value":"Admitida el 30 de mayo de 2016 "}],"skos:note":[{"@lang":"es","@value":"Fuente: BN "}],"skos:broader":["https:\/\/confrides.cpd.ua.es\/tematres1\/vocab\/skos\/26"],"skos:altLabel":[{"language":"es-ES","value":"Extranjer\u00eda"},{"language":"es-ES","value":"Extranjeros -- Estatuto jur\u00eddico"},{"language":"es-ES","value":"Forasteros"},{"language":"es-ES","value":"Poblaci\u00f3n extranjera"},{"language":"es-ES","value":"Residentes extranjeros"}],"skos:related":["https:\/\/confrides.cpd.ua.es\/tematres1\/vocab\/skos\/7467","https:\/\/confrides.cpd.ua.es\/tematres1\/vocab\/skos\/7474","https:\/\/confrides.cpd.ua.es\/tematres1\/vocab\/skos\/7468","https:\/\/confrides.cpd.ua.es\/tematres1\/vocab\/skos\/7469","https:\/\/confrides.cpd.ua.es\/tematres1\/vocab\/skos\/7475","https:\/\/confrides.cpd.ua.es\/tematres1\/vocab\/skos\/7476","https:\/\/confrides.cpd.ua.es\/tematres1\/vocab\/skos\/7477","https:\/\/confrides.cpd.ua.es\/tematres1\/vocab\/skos\/7470","https:\/\/confrides.cpd.ua.es\/tematres1\/vocab\/skos\/7471","https:\/\/confrides.cpd.ua.es\/tematres1\/vocab\/skos\/7472","https:\/\/confrides.cpd.ua.es\/tematres1\/vocab\/skos\/7473"]}