{"@context":{"dc":"http:\/\/purl.org\/dc\/elements\/1.1\/","skos":"http:\/\/www.w3.org\/2004\/02\/skos\/core#","skos:broader":{"@type":"@id"},"skos:inScheme":{"@type":"@id"},"skos:related":{"@type":"@id"},"skos:narrower":{"@type":"@id"},"skos:hasTopConcept":{"@type":"@id"},"skos:topConceptOf":{"@type":"@id"}},"@id":"https:\/\/confrides.cpd.ua.es\/tematres1\/vocab\/skos\/5988","@type":"skos:Concept","skos:prefLabel":{"@language":"es-ES","@value=":"Mallorca (Reino) - Historia - 1520-1523 (German\u00edas)"},"skos:inScheme":"https:\/\/confrides.cpd.ua.es\/tematres1\/vocab\/","dct:created":"2013-03-04 09:15:06","skos:broader":["https:\/\/confrides.cpd.ua.es\/tematres1\/vocab\/skos\/3545"],"skos:altLabel":[{"language":"es-ES","value":"Espa\u00f1a - Historia - 1520-1523 (German\u00edas mallorquinas)"},{"language":"es-ES","value":"German\u00edas mallorquinas, 1520-1523"}],"skos:related":["https:\/\/confrides.cpd.ua.es\/tematres1\/vocab\/skos\/5987"]}