{"tema_id":"6909","string":"Arqueolog\u00eda y religi\u00f3n","created":"2014-09-22 11:43:10","code":null,"notes":[{"@type":"Nota de alcance","@lang":"es","@value":"Se puede usar con un subencabezamiento geogr\u00e1fico "},{"@type":"Nota hist\u00f3rica","@lang":"es","@value":"Admitida en septiembre de 2014 "},{"@type":"Nota bibliogr\u00e1fica","@lang":"es","@value":"Fte.: LC "}]}