{"@context":{"dc":"http:\/\/purl.org\/dc\/elements\/1.1\/","skos":"http:\/\/www.w3.org\/2004\/02\/skos\/core#","skos:broader":{"@type":"@id"},"skos:inScheme":{"@type":"@id"},"skos:related":{"@type":"@id"},"skos:narrower":{"@type":"@id"},"skos:hasTopConcept":{"@type":"@id"},"skos:topConceptOf":{"@type":"@id"}},"@id":"https:\/\/confrides.cpd.ua.es\/tematres\/vocab\/skos\/1934","@type":"skos:Concept","skos:prefLabel":{"@language":"es","@value=":"Onom\u00e1stica"},"skos:inScheme":"https:\/\/confrides.cpd.ua.es\/tematres\/vocab\/","dct:created":"2008-06-05 09:55:41","skos:scopeNote":[{"@lang":null,"@value":"V\u00e9ase tambi\u00e9n la subdivisi\u00f3n Etimolog\u00eda - Nombres propios bajo nombres de lenguas y grupos de lenguas, p. ej.: Catal\u00e1n - Etimolog\u00eda - Nombres propios "},{"@lang":"es","@value":"Se puede usar con un subencabezamiento geogr\u00e1fico "}],"skos:historyNote":[{"@lang":"es","@value":"Revisada el 22 de marzo de 2018 "}],"skos:note":[{"@lang":"es","@value":"CDU: 81'373.2 "},{"@lang":"es","@value":"Fuente: USE, BCAT "}],"skos:broader":["https:\/\/confrides.cpd.ua.es\/tematres\/vocab\/skos\/1862"],"skos:altLabel":[{"language":"es","value":"Nombres propios - Etimolog\u00eda"}],"skos:related":["https:\/\/confrides.cpd.ua.es\/tematres\/vocab\/skos\/1907","https:\/\/confrides.cpd.ua.es\/tematres\/vocab\/skos\/3500","https:\/\/confrides.cpd.ua.es\/tematres\/vocab\/skos\/3386"]}